{"id":480,"date":"2024-04-30T10:00:00","date_gmt":"2024-04-30T08:00:00","guid":{"rendered":"https:\/\/jazzlt.lt\/?p=480"},"modified":"2024-05-02T21:24:56","modified_gmt":"2024-05-02T19:24:56","slug":"international-jazz-day-2024","status":"publish","type":"post","link":"https:\/\/jazzlt.lt\/en\/international-jazz-day-2024\/","title":{"rendered":"International Jazz Day 2024"},"content":{"rendered":"\n<p>Lietuvos d\u017eiazo federacija sveikina d\u017eiazo bendruomen\u0119 ir d\u017eiazo muzikos myl\u0117tojus su Tarptautine d\u017eiazo diena! Baland\u017eio 30-oji &#8211; diena, kuomet visas pasaulis \u0161ven\u010dia d\u017eiaz\u0105. <\/p>\n\n\n\n<p>Lietuvoje D\u017eiazo dien\u0105 \u0161v\u0119sime:<\/p>\n\n\n\n<p>&#8211; 04.27 &#8211; Klaip\u0117da, klubas <a href=\"https:\/\/www.facebook.com\/kurpiai?__cft__[0]=AZUx4XHjB7bun2d0CF8FyvmncyX10otdsDdM85jAImevgrtwW-oN98Yg1RE2vCA7byAZrTZ2TkJvTlnjKU2T7uLiRs77e9kqwVnZRTgpTk1lwoFwAvYicjLZBhnpvSr8mfWILVNjW96q_HDQLt8qPnzqW0nrkswyChKKMpX98S9_pxOJ7zbq671eyj30kMm2Sp6t55otgCYHalJDP6vvnM0J&amp;__tn__=-]K-R\">Kurpiai<\/a>, 21 val<\/p>\n\n\n\n<p>&#8211; 04.28 &#8211; Panev\u0117\u017eys, <a href=\"https:\/\/www.facebook.com\/pankultura.lt?__cft__[0]=AZUx4XHjB7bun2d0CF8FyvmncyX10otdsDdM85jAImevgrtwW-oN98Yg1RE2vCA7byAZrTZ2TkJvTlnjKU2T7uLiRs77e9kqwVnZRTgpTk1lwoFwAvYicjLZBhnpvSr8mfWILVNjW96q_HDQLt8qPnzqW0nrkswyChKKMpX98S9_pxOJ7zbq671eyj30kMm2Sp6t55otgCYHalJDP6vvnM0J&amp;__tn__=-]K-R\">Panev\u0117\u017eio kult\u016bros centras<\/a>, 17 val.<\/p>\n\n\n\n<p>&#8211; 04.30 &#8211; Taurag\u0117, Kauno kolegijos Taurag\u0117s skyriaus III auk\u0161to foj\u0117, 18 val.<\/p>\n\n\n\n<p>&#8211; 04.30 &#8211; Vilnius, <a href=\"https:\/\/www.facebook.com\/sapiegurumai?__cft__[0]=AZUx4XHjB7bun2d0CF8FyvmncyX10otdsDdM85jAImevgrtwW-oN98Yg1RE2vCA7byAZrTZ2TkJvTlnjKU2T7uLiRs77e9kqwVnZRTgpTk1lwoFwAvYicjLZBhnpvSr8mfWILVNjW96q_HDQLt8qPnzqW0nrkswyChKKMpX98S9_pxOJ7zbq671eyj30kMm2Sp6t55otgCYHalJDP6vvnM0J&amp;__tn__=-]K-R\">Sapieg\u0173 r\u016bmai<\/a>, 12 val<\/p>\n\n\n\n<p>&#8211; 04.30 &#8211; Vilnius, svetain\u0117-baras Veranda, 12 val<\/p>\n\n\n\n<p>&#8211; 04.30 &#8211; Vilnius, Jazz Cellar 11, 20 val<\/p>\n\n\n\n<p>Taip pat vis\u0105 savaitgal\u012f j\u016bs\u0173 laukia d\u017eiazo koncertai <a href=\"https:\/\/www.facebook.com\/kaunasjazz?__cft__[0]=AZUx4XHjB7bun2d0CF8FyvmncyX10otdsDdM85jAImevgrtwW-oN98Yg1RE2vCA7byAZrTZ2TkJvTlnjKU2T7uLiRs77e9kqwVnZRTgpTk1lwoFwAvYicjLZBhnpvSr8mfWILVNjW96q_HDQLt8qPnzqW0nrkswyChKKMpX98S9_pxOJ7zbq671eyj30kMm2Sp6t55otgCYHalJDP6vvnM0J&amp;__tn__=-]K-R\">Kaunas Jazz<\/a> festivalyje, <a href=\"https:\/\/www.facebook.com\/jazzcellar11?__cft__[0]=AZUx4XHjB7bun2d0CF8FyvmncyX10otdsDdM85jAImevgrtwW-oN98Yg1RE2vCA7byAZrTZ2TkJvTlnjKU2T7uLiRs77e9kqwVnZRTgpTk1lwoFwAvYicjLZBhnpvSr8mfWILVNjW96q_HDQLt8qPnzqW0nrkswyChKKMpX98S9_pxOJ7zbq671eyj30kMm2Sp6t55otgCYHalJDP6vvnM0J&amp;__tn__=-]K-R\">Jazz Cellar 11<\/a> Vilniuje ir <a href=\"https:\/\/www.facebook.com\/TeatroklubasKaune?__cft__[0]=AZUx4XHjB7bun2d0CF8FyvmncyX10otdsDdM85jAImevgrtwW-oN98Yg1RE2vCA7byAZrTZ2TkJvTlnjKU2T7uLiRs77e9kqwVnZRTgpTk1lwoFwAvYicjLZBhnpvSr8mfWILVNjW96q_HDQLt8qPnzqW0nrkswyChKKMpX98S9_pxOJ7zbq671eyj30kMm2Sp6t55otgCYHalJDP6vvnM0J&amp;__tn__=-]K-R\">Teatro klubas<\/a> Kaune.<\/p>\n","protected":false},"excerpt":{"rendered":"<p>Lietuvos d\u017eiazo federacija sveikina d\u017eiazo bendruomen\u0119 ir d\u017eiazo muzikos myl\u0117tojus su Tarptautine d\u017eiazo diena! Baland\u017eio 30-oji &#8211; diena, kuomet visas pasaulis \u0161ven\u010dia d\u017eiaz\u0105. Lietuvoje D\u017eiazo dien\u0105 \u0161v\u0119sime: &#8211; 04.27 &#8211; Klaip\u0117da, klubas Kurpiai, 21 val &#8211; 04.28 &#8211; Panev\u0117\u017eys, Panev\u0117\u017eio kult\u016bros centras, 17 val. &#8211; 04.30 &#8211; Taurag\u0117, Kauno kolegijos Taurag\u0117s skyriaus III auk\u0161to foj\u0117, [&hellip;]<\/p>\n","protected":false},"author":1,"featured_media":481,"comment_status":"closed","ping_status":"closed","sticky":false,"template":"","format":"standard","meta":{"_vp_format_video_url":"","_vp_image_focal_point":[],"footnotes":""},"categories":[1],"tags":[],"class_list":["post-480","post","type-post","status-publish","format-standard","has-post-thumbnail","hentry","category-be-kategorijos"],"_links":{"self":[{"href":"https:\/\/jazzlt.lt\/en\/wp-json\/wp\/v2\/posts\/480","targetHints":{"allow":["GET"]}}],"collection":[{"href":"https:\/\/jazzlt.lt\/en\/wp-json\/wp\/v2\/posts"}],"about":[{"href":"https:\/\/jazzlt.lt\/en\/wp-json\/wp\/v2\/types\/post"}],"author":[{"embeddable":true,"href":"https:\/\/jazzlt.lt\/en\/wp-json\/wp\/v2\/users\/1"}],"replies":[{"embeddable":true,"href":"https:\/\/jazzlt.lt\/en\/wp-json\/wp\/v2\/comments?post=480"}],"version-history":[{"count":1,"href":"https:\/\/jazzlt.lt\/en\/wp-json\/wp\/v2\/posts\/480\/revisions"}],"predecessor-version":[{"id":482,"href":"https:\/\/jazzlt.lt\/en\/wp-json\/wp\/v2\/posts\/480\/revisions\/482"}],"wp:featuredmedia":[{"embeddable":true,"href":"https:\/\/jazzlt.lt\/en\/wp-json\/wp\/v2\/media\/481"}],"wp:attachment":[{"href":"https:\/\/jazzlt.lt\/en\/wp-json\/wp\/v2\/media?parent=480"}],"wp:term":[{"taxonomy":"category","embeddable":true,"href":"https:\/\/jazzlt.lt\/en\/wp-json\/wp\/v2\/categories?post=480"},{"taxonomy":"post_tag","embeddable":true,"href":"https:\/\/jazzlt.lt\/en\/wp-json\/wp\/v2\/tags?post=480"}],"curies":[{"name":"wp","href":"https:\/\/api.w.org\/{rel}","templated":true}]}}